{"id":522,"date":"2021-02-28T22:28:34","date_gmt":"2021-02-28T22:28:34","guid":{"rendered":"https:\/\/formaciocgt.cat\/?p=522"},"modified":"2021-02-28T22:34:10","modified_gmt":"2021-02-28T22:34:10","slug":"la-formacio-com-a-pas-previ-a-laccio","status":"publish","type":"post","link":"https:\/\/formaciocgt.cat\/index.php\/2021\/02\/28\/la-formacio-com-a-pas-previ-a-laccio\/","title":{"rendered":"La formaci\u00f3 com a pas previ a l\u2019acci\u00f3"},"content":{"rendered":"<p><strong>Grup de Treball de Formaci\u00f3 del Comit\u00e8 Confederal de la CGT Catalunya.<\/strong><\/p>\n<p>Vivim en un sistema on la hiperespecialitzaci\u00f3 i compartimentaci\u00f3 del coneixement ens porten al fet que la nostra visi\u00f3 del m\u00f3n sigui extremadament estreta i a tenir una falsa sensaci\u00f3 de poder. La societat i les diferents problem\u00e0tiques que ens afecten s\u2019han tornat tan complexes que poques vegades tenim un control real sobre qu\u00e8 vivim. A m\u00e9s, se\u2019ns condiciona a viure d\u2019una forma totalment individualitzada, a\u00efllades les unes de les altres, alimentant el mite de l\u2019autonomia individual.<\/p>\n<p>Per\u00f2 paradoxalment la nostra societat \u00e9s la que ha generat m\u00e9s depend\u00e8ncia en les persones: gaireb\u00e9 ning\u00fa t\u00e9 els coneixements suficients per a crear per si mateixa (o la comunitat a la qual pertany) el propi aliment, vestit o habitatge; cosa que la majoria de persones i comunitats al llarg del m\u00f3n i de la hist\u00f2ria s\u00ed que han sabut fer. El Patriarcat, l\u2019Estat i el Capitalisme s\u00f3n els responsables d\u2019aquesta situaci\u00f3 i s\u00f3n els mecanismes d\u2019opressi\u00f3 que permeten emmascarar aquesta ignor\u00e0ncia que ens porta a ser-ne completament dependents per sobreviure. A partir de desposseir-nos del coneixement i de fragmentar-lo, creen part de les cadenes que ens lliguen a ells.<\/p>\n<blockquote>\n<p><em>&#8220;una organitzaci\u00f3 amb un pensament monol\u00edtic \u00e9s com una persona que sols t\u00e9 un martell: veur\u00e0 qualsevol problema com un clau&#8221;<\/em><\/p>\n<\/blockquote>\n<p>Per aix\u00f2 la formaci\u00f3, el proc\u00e9s pel qual una persona adquireix coneixements, \u00e9s una de les parts fonamental per a la lluita, per a la llibertat i per a la vida. Necessitem formar-nos per entendre millor el m\u00f3n, per recon\u00e8ixer i saber com funcionen els diferents mecanismes d\u2019opressi\u00f3, per con\u00e8ixer quines han estat les lluites en el passat que han tingut \u00e8xit i quines no, i aix\u00ed aprendre d\u2019elles. Necessitem eines te\u00f2riques i anal\u00edtiques que ens permetin saber quina i com \u00e9s la societat en la qual volem viure i com hem de lluitar per assolir-la.<\/p>\n<p>Per\u00f2 tamb\u00e9 necessitem adquirir aquells coneixements m\u00e9s t\u00e8cnics i pr\u00e0ctics per a solucionar aqu\u00ed i ara totes les petites facetes i parts quotidianes de la lluita. Necessitem aprendre des dels aspectes m\u00e9s b\u00e0sics com s\u00f3n fer cartells o participar d\u2019una assemblea, fins a altres m\u00e9s complexos com s\u00f3n coordinar un grup de treball, comunicar-nos digitalment de forma segura, fer un piquet, confrontar a la patronal o utilitzar les poques eines jur\u00eddiques que tenim al nostre abast. Hem de desenvolupar tots aquells aspectes que complimenten els sabers m\u00e9s te\u00f2rics i que ens permeten autoorganitzar-nos per reaccionar.<\/p>\n<p>Evidentment, no totes podem saber-ho tot, per\u00f2 s\u00ed que \u00e9s necessari que de forma col\u00b7lectiva generem una heterogene\u00eftat de coneixements que ens permetin encarar la lluita amb \u00e8xit. Una organitzaci\u00f3 amb un pensament monol\u00edtic \u00e9s com una persona que sols t\u00e9 un martell: veur\u00e0 qualsevol problema com un clau.<\/p>\n<p>Finalment, cal tenir en compte que l\u2019acaparament de coneixement genera rols d\u2019autoritat. Per aix\u00f2, si volem que la nostra organitzaci\u00f3 no funcioni de forma vertical hem de fer un gran esfor\u00e7 en autoformar-nos i en ajudar a formar a les noves companyes. \u00c9s important facilitar l\u2019acc\u00e9s a la informaci\u00f3 tenint en compte la diversitat de necessitats, compartir els coneixements i les experi\u00e8ncies entre nosaltres i assegurar el relleu. Aquestes tamb\u00e9 s\u00f3n tasques imprescindibles per a un bon funcionament.<\/p>\n<p>En tot aix\u00f2 estarem intentant aportar eines i solucions des del nou Grup de Treball de Formaci\u00f3 del Comit\u00e8 Confederal de la CGT Catalunya, tot aprenent de la feina de formaci\u00f3 que ja es fa de forma excel\u00b7lent en moltes seccions, federacions i sindicats; i ajudant a qui ho demani i necessiti.<\/p>\n<p>Ens veiem als carrers\u2026 per\u00f2 tamb\u00e9 a les aules, biblioteques i seminaris.<\/p>\n\n\n<p><em>Article publicat originalment a la <a href=\"http:\/\/www.revistacatalunya.cat\/\">Revista Catalunya<\/a><\/em><\/p>\n\n\n\n<figure class=\"wp-block-image size-large\"><img loading=\"lazy\" decoding=\"async\" width=\"750\" height=\"410\" src=\"https:\/\/formaciocgt.cat\/wp-content\/uploads\/2021\/02\/formacio-750x410-1.png\" alt=\"\" class=\"wp-image-523\" srcset=\"https:\/\/formaciocgt.cat\/wp-content\/uploads\/2021\/02\/formacio-750x410-1.png 750w, https:\/\/formaciocgt.cat\/wp-content\/uploads\/2021\/02\/formacio-750x410-1-300x164.png 300w\" sizes=\"auto, (max-width: 750px) 100vw, 750px\" \/><\/figure>\n","protected":false},"excerpt":{"rendered":"<p>La formaci\u00f3, el proc\u00e9s pel qual una persona adquireix coneixements, \u00e9s una de les parts fonamental per a la lluita, per a la llibertat i per a la vida. Necessitem formar-nos per entendre millor el m\u00f3n, per recon\u00e8ixer i saber com funcionen els diferents mecanismes d\u2019opressi\u00f3, per con\u00e8ixer quines han estat les lluites en el passat que han tingut \u00e8xit i quines no, i aix\u00ed aprendre d\u2019elles.<\/p>\n","protected":false},"author":2,"featured_media":523,"comment_status":"open","ping_status":"open","sticky":false,"template":"","format":"standard","meta":{"footnotes":""},"categories":[6,11],"tags":[],"class_list":["post-522","post","type-post","status-publish","format-standard","has-post-thumbnail","hentry","category-diversos","category-presentacions"],"yoast_head":"<!-- This site is optimized with the Yoast SEO plugin v25.0 - https:\/\/yoast.com\/wordpress\/plugins\/seo\/ -->\n<title>La formaci\u00f3 com a pas previ a l\u2019acci\u00f3 - Formaci\u00f3 CGT Catalunya<\/title>\n<meta name=\"robots\" content=\"index, follow, max-snippet:-1, max-image-preview:large, max-video-preview:-1\" \/>\n<link rel=\"canonical\" href=\"https:\/\/formaciocgt.cat\/index.php\/2021\/02\/28\/la-formacio-com-a-pas-previ-a-laccio\/\" \/>\n<meta property=\"og:locale\" content=\"ca_ES\" \/>\n<meta property=\"og:type\" content=\"article\" \/>\n<meta property=\"og:title\" content=\"La formaci\u00f3 com a pas previ a l\u2019acci\u00f3 - Formaci\u00f3 CGT Catalunya\" \/>\n<meta property=\"og:description\" content=\"La formaci\u00f3, el proc\u00e9s pel qual una persona adquireix coneixements, \u00e9s una de les parts fonamental per a la lluita, per a la llibertat i per a la vida. Necessitem formar-nos per entendre millor el m\u00f3n, per recon\u00e8ixer i saber com funcionen els diferents mecanismes d\u2019opressi\u00f3, per con\u00e8ixer quines han estat les lluites en el passat que han tingut \u00e8xit i quines no, i aix\u00ed aprendre d\u2019elles.\" \/>\n<meta property=\"og:url\" content=\"https:\/\/formaciocgt.cat\/index.php\/2021\/02\/28\/la-formacio-com-a-pas-previ-a-laccio\/\" \/>\n<meta property=\"og:site_name\" content=\"Formaci\u00f3 CGT Catalunya\" \/>\n<meta property=\"article:published_time\" content=\"2021-02-28T22:28:34+00:00\" \/>\n<meta property=\"article:modified_time\" content=\"2021-02-28T22:34:10+00:00\" \/>\n<meta property=\"og:image\" content=\"https:\/\/formaciocgt.cat\/wp-content\/uploads\/2021\/02\/formacio-750x410-1.png\" \/>\n\t<meta property=\"og:image:width\" content=\"750\" \/>\n\t<meta property=\"og:image:height\" content=\"410\" \/>\n\t<meta property=\"og:image:type\" content=\"image\/png\" \/>\n<meta name=\"author\" content=\"Formaci\u00f3 CGT Catalunya\" \/>\n<meta name=\"twitter:card\" content=\"summary_large_image\" \/>\n<meta name=\"twitter:label1\" content=\"Escrit per\" \/>\n\t<meta name=\"twitter:data1\" content=\"Formaci\u00f3 CGT Catalunya\" \/>\n\t<meta name=\"twitter:label2\" content=\"Temps estimat de lectura\" \/>\n\t<meta name=\"twitter:data2\" content=\"3 minuts\" \/>\n<script type=\"application\/ld+json\" class=\"yoast-schema-graph\">{\"@context\":\"https:\/\/schema.org\",\"@graph\":[{\"@type\":\"WebPage\",\"@id\":\"https:\/\/formaciocgt.cat\/index.php\/2021\/02\/28\/la-formacio-com-a-pas-previ-a-laccio\/\",\"url\":\"https:\/\/formaciocgt.cat\/index.php\/2021\/02\/28\/la-formacio-com-a-pas-previ-a-laccio\/\",\"name\":\"La formaci\u00f3 com a pas previ a l\u2019acci\u00f3 - Formaci\u00f3 CGT Catalunya\",\"isPartOf\":{\"@id\":\"https:\/\/formaciocgt.cat\/#website\"},\"primaryImageOfPage\":{\"@id\":\"https:\/\/formaciocgt.cat\/index.php\/2021\/02\/28\/la-formacio-com-a-pas-previ-a-laccio\/#primaryimage\"},\"image\":{\"@id\":\"https:\/\/formaciocgt.cat\/index.php\/2021\/02\/28\/la-formacio-com-a-pas-previ-a-laccio\/#primaryimage\"},\"thumbnailUrl\":\"https:\/\/formaciocgt.cat\/wp-content\/uploads\/2021\/02\/formacio-750x410-1.png\",\"datePublished\":\"2021-02-28T22:28:34+00:00\",\"dateModified\":\"2021-02-28T22:34:10+00:00\",\"author\":{\"@id\":\"https:\/\/formaciocgt.cat\/#\/schema\/person\/2039808ae1682ceb54b53d5033fa17d3\"},\"breadcrumb\":{\"@id\":\"https:\/\/formaciocgt.cat\/index.php\/2021\/02\/28\/la-formacio-com-a-pas-previ-a-laccio\/#breadcrumb\"},\"inLanguage\":\"ca\",\"potentialAction\":[{\"@type\":\"ReadAction\",\"target\":[\"https:\/\/formaciocgt.cat\/index.php\/2021\/02\/28\/la-formacio-com-a-pas-previ-a-laccio\/\"]}]},{\"@type\":\"ImageObject\",\"inLanguage\":\"ca\",\"@id\":\"https:\/\/formaciocgt.cat\/index.php\/2021\/02\/28\/la-formacio-com-a-pas-previ-a-laccio\/#primaryimage\",\"url\":\"https:\/\/formaciocgt.cat\/wp-content\/uploads\/2021\/02\/formacio-750x410-1.png\",\"contentUrl\":\"https:\/\/formaciocgt.cat\/wp-content\/uploads\/2021\/02\/formacio-750x410-1.png\",\"width\":750,\"height\":410},{\"@type\":\"BreadcrumbList\",\"@id\":\"https:\/\/formaciocgt.cat\/index.php\/2021\/02\/28\/la-formacio-com-a-pas-previ-a-laccio\/#breadcrumb\",\"itemListElement\":[{\"@type\":\"ListItem\",\"position\":1,\"name\":\"Home\",\"item\":\"https:\/\/formaciocgt.cat\/\"},{\"@type\":\"ListItem\",\"position\":2,\"name\":\"La formaci\u00f3 com a pas previ a l\u2019acci\u00f3\"}]},{\"@type\":\"WebSite\",\"@id\":\"https:\/\/formaciocgt.cat\/#website\",\"url\":\"https:\/\/formaciocgt.cat\/\",\"name\":\"Formaci\u00f3 CGT Catalunya\",\"description\":\"Formem-nos per guanyar\",\"potentialAction\":[{\"@type\":\"SearchAction\",\"target\":{\"@type\":\"EntryPoint\",\"urlTemplate\":\"https:\/\/formaciocgt.cat\/?s={search_term_string}\"},\"query-input\":{\"@type\":\"PropertyValueSpecification\",\"valueRequired\":true,\"valueName\":\"search_term_string\"}}],\"inLanguage\":\"ca\"},{\"@type\":\"Person\",\"@id\":\"https:\/\/formaciocgt.cat\/#\/schema\/person\/2039808ae1682ceb54b53d5033fa17d3\",\"name\":\"Formaci\u00f3 CGT Catalunya\",\"url\":\"https:\/\/formaciocgt.cat\/index.php\/author\/cgtdiba\/\"}]}<\/script>\n<!-- \/ Yoast SEO plugin. -->","yoast_head_json":{"title":"La formaci\u00f3 com a pas previ a l\u2019acci\u00f3 - Formaci\u00f3 CGT Catalunya","robots":{"index":"index","follow":"follow","max-snippet":"max-snippet:-1","max-image-preview":"max-image-preview:large","max-video-preview":"max-video-preview:-1"},"canonical":"https:\/\/formaciocgt.cat\/index.php\/2021\/02\/28\/la-formacio-com-a-pas-previ-a-laccio\/","og_locale":"ca_ES","og_type":"article","og_title":"La formaci\u00f3 com a pas previ a l\u2019acci\u00f3 - Formaci\u00f3 CGT Catalunya","og_description":"La formaci\u00f3, el proc\u00e9s pel qual una persona adquireix coneixements, \u00e9s una de les parts fonamental per a la lluita, per a la llibertat i per a la vida. Necessitem formar-nos per entendre millor el m\u00f3n, per recon\u00e8ixer i saber com funcionen els diferents mecanismes d\u2019opressi\u00f3, per con\u00e8ixer quines han estat les lluites en el passat que han tingut \u00e8xit i quines no, i aix\u00ed aprendre d\u2019elles.","og_url":"https:\/\/formaciocgt.cat\/index.php\/2021\/02\/28\/la-formacio-com-a-pas-previ-a-laccio\/","og_site_name":"Formaci\u00f3 CGT Catalunya","article_published_time":"2021-02-28T22:28:34+00:00","article_modified_time":"2021-02-28T22:34:10+00:00","og_image":[{"width":750,"height":410,"url":"https:\/\/formaciocgt.cat\/wp-content\/uploads\/2021\/02\/formacio-750x410-1.png","type":"image\/png"}],"author":"Formaci\u00f3 CGT Catalunya","twitter_card":"summary_large_image","twitter_misc":{"Escrit per":"Formaci\u00f3 CGT Catalunya","Temps estimat de lectura":"3 minuts"},"schema":{"@context":"https:\/\/schema.org","@graph":[{"@type":"WebPage","@id":"https:\/\/formaciocgt.cat\/index.php\/2021\/02\/28\/la-formacio-com-a-pas-previ-a-laccio\/","url":"https:\/\/formaciocgt.cat\/index.php\/2021\/02\/28\/la-formacio-com-a-pas-previ-a-laccio\/","name":"La formaci\u00f3 com a pas previ a l\u2019acci\u00f3 - Formaci\u00f3 CGT Catalunya","isPartOf":{"@id":"https:\/\/formaciocgt.cat\/#website"},"primaryImageOfPage":{"@id":"https:\/\/formaciocgt.cat\/index.php\/2021\/02\/28\/la-formacio-com-a-pas-previ-a-laccio\/#primaryimage"},"image":{"@id":"https:\/\/formaciocgt.cat\/index.php\/2021\/02\/28\/la-formacio-com-a-pas-previ-a-laccio\/#primaryimage"},"thumbnailUrl":"https:\/\/formaciocgt.cat\/wp-content\/uploads\/2021\/02\/formacio-750x410-1.png","datePublished":"2021-02-28T22:28:34+00:00","dateModified":"2021-02-28T22:34:10+00:00","author":{"@id":"https:\/\/formaciocgt.cat\/#\/schema\/person\/2039808ae1682ceb54b53d5033fa17d3"},"breadcrumb":{"@id":"https:\/\/formaciocgt.cat\/index.php\/2021\/02\/28\/la-formacio-com-a-pas-previ-a-laccio\/#breadcrumb"},"inLanguage":"ca","potentialAction":[{"@type":"ReadAction","target":["https:\/\/formaciocgt.cat\/index.php\/2021\/02\/28\/la-formacio-com-a-pas-previ-a-laccio\/"]}]},{"@type":"ImageObject","inLanguage":"ca","@id":"https:\/\/formaciocgt.cat\/index.php\/2021\/02\/28\/la-formacio-com-a-pas-previ-a-laccio\/#primaryimage","url":"https:\/\/formaciocgt.cat\/wp-content\/uploads\/2021\/02\/formacio-750x410-1.png","contentUrl":"https:\/\/formaciocgt.cat\/wp-content\/uploads\/2021\/02\/formacio-750x410-1.png","width":750,"height":410},{"@type":"BreadcrumbList","@id":"https:\/\/formaciocgt.cat\/index.php\/2021\/02\/28\/la-formacio-com-a-pas-previ-a-laccio\/#breadcrumb","itemListElement":[{"@type":"ListItem","position":1,"name":"Home","item":"https:\/\/formaciocgt.cat\/"},{"@type":"ListItem","position":2,"name":"La formaci\u00f3 com a pas previ a l\u2019acci\u00f3"}]},{"@type":"WebSite","@id":"https:\/\/formaciocgt.cat\/#website","url":"https:\/\/formaciocgt.cat\/","name":"Formaci\u00f3 CGT Catalunya","description":"Formem-nos per guanyar","potentialAction":[{"@type":"SearchAction","target":{"@type":"EntryPoint","urlTemplate":"https:\/\/formaciocgt.cat\/?s={search_term_string}"},"query-input":{"@type":"PropertyValueSpecification","valueRequired":true,"valueName":"search_term_string"}}],"inLanguage":"ca"},{"@type":"Person","@id":"https:\/\/formaciocgt.cat\/#\/schema\/person\/2039808ae1682ceb54b53d5033fa17d3","name":"Formaci\u00f3 CGT Catalunya","url":"https:\/\/formaciocgt.cat\/index.php\/author\/cgtdiba\/"}]}},"_links":{"self":[{"href":"https:\/\/formaciocgt.cat\/index.php\/wp-json\/wp\/v2\/posts\/522","targetHints":{"allow":["GET"]}}],"collection":[{"href":"https:\/\/formaciocgt.cat\/index.php\/wp-json\/wp\/v2\/posts"}],"about":[{"href":"https:\/\/formaciocgt.cat\/index.php\/wp-json\/wp\/v2\/types\/post"}],"author":[{"embeddable":true,"href":"https:\/\/formaciocgt.cat\/index.php\/wp-json\/wp\/v2\/users\/2"}],"replies":[{"embeddable":true,"href":"https:\/\/formaciocgt.cat\/index.php\/wp-json\/wp\/v2\/comments?post=522"}],"version-history":[{"count":3,"href":"https:\/\/formaciocgt.cat\/index.php\/wp-json\/wp\/v2\/posts\/522\/revisions"}],"predecessor-version":[{"id":528,"href":"https:\/\/formaciocgt.cat\/index.php\/wp-json\/wp\/v2\/posts\/522\/revisions\/528"}],"wp:featuredmedia":[{"embeddable":true,"href":"https:\/\/formaciocgt.cat\/index.php\/wp-json\/wp\/v2\/media\/523"}],"wp:attachment":[{"href":"https:\/\/formaciocgt.cat\/index.php\/wp-json\/wp\/v2\/media?parent=522"}],"wp:term":[{"taxonomy":"category","embeddable":true,"href":"https:\/\/formaciocgt.cat\/index.php\/wp-json\/wp\/v2\/categories?post=522"},{"taxonomy":"post_tag","embeddable":true,"href":"https:\/\/formaciocgt.cat\/index.php\/wp-json\/wp\/v2\/tags?post=522"}],"curies":[{"name":"wp","href":"https:\/\/api.w.org\/{rel}","templated":true}]}}